{"id":6248,"date":"2025-11-03T08:32:10","date_gmt":"2025-11-03T07:32:10","guid":{"rendered":"http:\/\/bruxelles.aideetsoinsadomicile.be\/1er-novembre-un-parfum-de-reconnaissance-pour-nos-infirmi-ers-eres-a-domicile\/"},"modified":"2025-12-10T19:32:46","modified_gmt":"2025-12-10T18:32:46","slug":"1er-novembre-un-parfum-de-reconnaissance-pour-nos-infirmi-ers-eres-a-domicile","status":"publish","type":"post","link":"https:\/\/bruxelles.aideetsoinsadomicile.be\/en\/1er-novembre-un-parfum-de-reconnaissance-pour-nos-infirmi-ers-eres-a-domicile\/","title":{"rendered":"1er novembre\u00a0: un parfum de reconnaissance pour nos infirmi-ers\/-\u00e8res \u00e0 domicile"},"content":{"rendered":"<p>Depuis le samedi 1er novembre, la l\u00e9gislation a \u00e9volu\u00e9 pour les&nbsp;<strong>infirmiers et infirmi\u00e8res \u00e0 domicile<\/strong>. Pour toute une s\u00e9rie de soins, ils ne doivent d\u00e9sormais plus avoir de&nbsp;<strong>prescription m\u00e9dicale<\/strong>&nbsp;pour que leur patient soit rembours\u00e9.<\/p>\n\n\n\n<p>Comme nous l\u2019explique notre directeur des soins infirmiers, Edgard Peters,&nbsp;<em>\u00ab&nbsp;les changements apportent une vraie reconnaissance du travail et de l\u2019autonomie de l\u2019infirmier \u00e0 domicile&nbsp;\u00bb<\/em>. En effet, pour ces m\u00eames soins, un infirmier en milieu hospitalier ou en maison de repos n\u2019avait pas, lui, besoin de prescription. Il s\u2019agit donc finalement d\u2019un&nbsp;<strong>alignement<\/strong>&nbsp;au sein m\u00eame de la profession mais qui est porteur d\u2019\u00e9norm\u00e9ment de sens et de reconnaissance pour notre m\u00e9tier du domicile.<\/p>\n\n\n\n<div class=\"wp-block-media-text has-media-on-the-right is-stacked-on-mobile has-white-background-color has-background\" style=\"margin-top:30;margin-right:30;margin-bottom:30;margin-left:30;padding-top:0px;padding-right:0px;padding-bottom:0px;padding-left:0px\"><div class=\"wp-block-media-text__content\">\n<p><em>\u00ab&nbsp;Prenons l\u2019exemple d\u2019un patient qui a une trach\u00e9otomie et n\u00e9cessite, quand cela s\u2019av\u00e8re n\u00e9cessaire, de l\u2019aspiration de ses voies a\u00e9riennes. Auparavant, un infirmier \u00e0 domicile devait avoir la prescription du m\u00e9decin traitant pour r\u00e9aliser le soin. D\u00e8s dimanche, si l\u2019infirmier passe chez son patient et que celui-ci n\u00e9cessite une aspiration, il pourra agir directement et efficacement&nbsp;pour soulager le patient.&nbsp;\u00bb<\/em> explique Edgard. <\/p>\n\n\n\n<p><\/p>\n<\/div><figure class=\"wp-block-media-text__media\"><img fetchpriority=\"high\" decoding=\"async\" width=\"940\" height=\"788\" src=\"https:\/\/federation.aideetsoinsadomicile.be\/wp-content\/uploads\/2025\/11\/citation_edgard-perters-1.jpg\" alt=\"citation edgard perters (1)\" class=\"wp-image-6250 size-full\" \/><\/figure><\/div>\n\n\n\n<p>Mais soyons clair, cela n\u2019est en aucun cas une mesure qui cr\u00e9e une rupture entre les m\u00e9decins et les infirmiers.&nbsp;<em>\u00ab&nbsp;Bien au contraire&nbsp;\u00bb<\/em>&nbsp;nous assure notre directeur.&nbsp;<em>\u00ab&nbsp;La collaboration entre les infirmiers et les m\u00e9decins est et reste cl\u00e9 pour que la prise en charge du patient soit optimale&nbsp;\u00bb<\/em>&nbsp;conclut-il.<\/p>\n\n\n\n<p>Les diff\u00e9rents acteurs du monde m\u00e9dical et des soins \u00e0 domicile forment une \u00e9quipe qui s\u2019allie pour accompagner chaque patient de la mani\u00e8re la plus efficace et la plus bienveillante possible. Ces nouvelles mesures sont un pas en avant suppl\u00e9mentaire pour construire ensemble le bien-\u00eatre \u00e0 domicile.<\/p>","protected":false},"excerpt":{"rendered":"<p>Depuis le samedi 1er novembre, la l\u00e9gislation a \u00e9volu\u00e9 pour les&nbsp;infirmiers et infirmi\u00e8res \u00e0 domicile. Pour toute une s\u00e9rie de soins, ils ne doivent d\u00e9sormais plus avoir de&nbsp;prescription m\u00e9dicale&nbsp;pour que leur patient soit rembours\u00e9. Comme nous l\u2019explique notre directeur des soins infirmiers, Edgard Peters,&nbsp;\u00ab&nbsp;les changements apportent une vraie reconnaissance du travail et de l\u2019autonomie de [&hellip;]<\/p>","protected":false},"author":2,"featured_media":6249,"comment_status":"closed","ping_status":"closed","sticky":false,"template":"","format":"standard","meta":{"_acf_changed":false,"_seopress_robots_primary_cat":"","_seopress_titles_title":"","_seopress_titles_desc":"","_seopress_robots_index":"","footnotes":""},"categories":[19],"tags":[],"class_list":["post-6248","post","type-post","status-publish","format-standard","has-post-thumbnail","hentry","category-actualites"],"acf":[],"_links":{"self":[{"href":"https:\/\/bruxelles.aideetsoinsadomicile.be\/en\/wp-json\/wp\/v2\/posts\/6248","targetHints":{"allow":["GET"]}}],"collection":[{"href":"https:\/\/bruxelles.aideetsoinsadomicile.be\/en\/wp-json\/wp\/v2\/posts"}],"about":[{"href":"https:\/\/bruxelles.aideetsoinsadomicile.be\/en\/wp-json\/wp\/v2\/types\/post"}],"author":[{"embeddable":true,"href":"https:\/\/bruxelles.aideetsoinsadomicile.be\/en\/wp-json\/wp\/v2\/users\/2"}],"replies":[{"embeddable":true,"href":"https:\/\/bruxelles.aideetsoinsadomicile.be\/en\/wp-json\/wp\/v2\/comments?post=6248"}],"version-history":[{"count":1,"href":"https:\/\/bruxelles.aideetsoinsadomicile.be\/en\/wp-json\/wp\/v2\/posts\/6248\/revisions"}],"predecessor-version":[{"id":6251,"href":"https:\/\/bruxelles.aideetsoinsadomicile.be\/en\/wp-json\/wp\/v2\/posts\/6248\/revisions\/6251"}],"wp:featuredmedia":[{"embeddable":true,"href":"https:\/\/bruxelles.aideetsoinsadomicile.be\/en\/wp-json\/wp\/v2\/media\/6249"}],"wp:attachment":[{"href":"https:\/\/bruxelles.aideetsoinsadomicile.be\/en\/wp-json\/wp\/v2\/media?parent=6248"}],"wp:term":[{"taxonomy":"category","embeddable":true,"href":"https:\/\/bruxelles.aideetsoinsadomicile.be\/en\/wp-json\/wp\/v2\/categories?post=6248"},{"taxonomy":"post_tag","embeddable":true,"href":"https:\/\/bruxelles.aideetsoinsadomicile.be\/en\/wp-json\/wp\/v2\/tags?post=6248"}],"curies":[{"name":"wp","href":"https:\/\/api.w.org\/{rel}","templated":true}]}}