{"id":6202,"date":"2025-12-05T09:03:39","date_gmt":"2025-12-05T08:03:39","guid":{"rendered":"http:\/\/bruxelles.aideetsoinsadomicile.be\/un-nouveau-modele-de-financement-pour-les-soins-infirmiers-a-domicile\/"},"modified":"2025-12-10T19:29:20","modified_gmt":"2025-12-10T18:29:20","slug":"un-nouveau-modele-de-financement-pour-les-soins-infirmiers-a-domicile","status":"publish","type":"post","link":"https:\/\/bruxelles.aideetsoinsadomicile.be\/en\/un-nouveau-modele-de-financement-pour-les-soins-infirmiers-a-domicile\/","title":{"rendered":"Un nouveau mod\u00e8le\u00a0de financement\u00a0pour les soins infirmiers \u00e0 domicile\u202f?\u00a0"},"content":{"rendered":"<p>L\u2019INAMI lance un projet pilote pour mieux financer les soins infirmiers \u00e0 domicile. Pourquoi&nbsp;? Parce que les infirmiers ne font pas que des&nbsp;prestations&nbsp;techniques&nbsp;: ils&nbsp;accompagnent vers l\u2019autonomie, coordonnent, pr\u00e9viennent\u2026 et ces t\u00e2ches essentielles ne sont pas toujours reconnues, alors qu\u2019elles donnent au patient plus de cl\u00e9s pour mieux g\u00e9rer ses besoins, ses soins, son traitement et potentiellement gagner en autonomie.&nbsp;<\/p>\n\n\n\n<p>Avec ce projet, l\u2019<a href=\"https:\/\/www.inami.fgov.be\/\" target=\"_blank\" rel=\"noopener noreferrer nofollow\">INAMI<\/a> souhaite&nbsp;\u00e9tudier un nouveau mod\u00e8le&nbsp;bas\u00e9 sur la qualit\u00e9 et les besoins du patient, en r\u00e9mun\u00e9rant \u00e0 un tarif horaire, plut\u00f4t qu\u2019\u00e0 l\u2019acte pos\u00e9. Objectif&nbsp;: offrir plus de temps pour le soin, la coordination et la relation humaine. Replacer le patient&nbsp;comme partenaire&nbsp;de son plan de soin.&nbsp;&nbsp;<\/p>\n\n\n\n<p>Ce mod\u00e8le pourrait changer la donne pour les patients et les professionnels&nbsp;: plus de continuit\u00e9, plus de qualit\u00e9, et une meilleure reconnaissance du m\u00e9tier. La possibilit\u00e9 pour les infirmiers de retrouver l\u2019essence m\u00eame de leur m\u00e9tier.&nbsp;<\/p>\n\n\n\n<p>Dans les faits\u202f? L\u2019INAMI recherche aujourd\u2019hui ses pionniers. Ce seront mille&nbsp;infirmiers&nbsp;qui pourront int\u00e9grer le projet \u00e9tabli sur 2 ans (juin 2026 \u00e0 juin 2028), r\u00e9partis entre Bruxelles, Flandre et Wallonie, tant du personnel ind\u00e9pendant que du personnel salari\u00e9. Participer \u00e0 ce test, c\u2019est de donner une vraie chance aux soins infirmiers \u00e0 domicile de fonctionner autrement. De voir si cette dynamique est viable\u202f!&nbsp;<\/p>\n\n\n\n<p>Quant au patient, pour lui, aucun impact financier, \u00e9videmment. Mais l\u2019INAMI l\u2019esp\u00e8re, un suivi plus proche, complet, ad\u00e9quat. Le retour au vrai sens du m\u00e9tier infirmier et de la prise en charge du patient.&nbsp;&nbsp;<\/p>\n\n\n\n<p>?&nbsp;Ceci pourrait donc constituer une \u00e9tape importante pour l\u2019avenir des soins \u00e0 domicile en Belgique&nbsp;!<\/p>\n\n\n\n<p><\/p>","protected":false},"excerpt":{"rendered":"<p>L\u2019INAMI lance un projet pilote pour mieux financer les soins infirmiers \u00e0 domicile. Pourquoi&nbsp;? Parce que les infirmiers ne font pas que des&nbsp;prestations&nbsp;techniques&nbsp;: ils&nbsp;accompagnent vers l\u2019autonomie, coordonnent, pr\u00e9viennent\u2026 et ces t\u00e2ches essentielles ne sont pas toujours reconnues, alors qu\u2019elles donnent au patient plus de cl\u00e9s pour mieux g\u00e9rer ses besoins, ses soins, son traitement et [&hellip;]<\/p>","protected":false},"author":2,"featured_media":5890,"comment_status":"closed","ping_status":"closed","sticky":false,"template":"","format":"standard","meta":{"_acf_changed":false,"_seopress_robots_primary_cat":"","_seopress_titles_title":"","_seopress_titles_desc":"","_seopress_robots_index":"","footnotes":""},"categories":[19],"tags":[],"class_list":["post-6202","post","type-post","status-publish","format-standard","has-post-thumbnail","hentry","category-actualites"],"acf":[],"_links":{"self":[{"href":"https:\/\/bruxelles.aideetsoinsadomicile.be\/en\/wp-json\/wp\/v2\/posts\/6202","targetHints":{"allow":["GET"]}}],"collection":[{"href":"https:\/\/bruxelles.aideetsoinsadomicile.be\/en\/wp-json\/wp\/v2\/posts"}],"about":[{"href":"https:\/\/bruxelles.aideetsoinsadomicile.be\/en\/wp-json\/wp\/v2\/types\/post"}],"author":[{"embeddable":true,"href":"https:\/\/bruxelles.aideetsoinsadomicile.be\/en\/wp-json\/wp\/v2\/users\/2"}],"replies":[{"embeddable":true,"href":"https:\/\/bruxelles.aideetsoinsadomicile.be\/en\/wp-json\/wp\/v2\/comments?post=6202"}],"version-history":[{"count":1,"href":"https:\/\/bruxelles.aideetsoinsadomicile.be\/en\/wp-json\/wp\/v2\/posts\/6202\/revisions"}],"predecessor-version":[{"id":6203,"href":"https:\/\/bruxelles.aideetsoinsadomicile.be\/en\/wp-json\/wp\/v2\/posts\/6202\/revisions\/6203"}],"wp:featuredmedia":[{"embeddable":true,"href":"https:\/\/bruxelles.aideetsoinsadomicile.be\/en\/wp-json\/wp\/v2\/media\/5890"}],"wp:attachment":[{"href":"https:\/\/bruxelles.aideetsoinsadomicile.be\/en\/wp-json\/wp\/v2\/media?parent=6202"}],"wp:term":[{"taxonomy":"category","embeddable":true,"href":"https:\/\/bruxelles.aideetsoinsadomicile.be\/en\/wp-json\/wp\/v2\/categories?post=6202"},{"taxonomy":"post_tag","embeddable":true,"href":"https:\/\/bruxelles.aideetsoinsadomicile.be\/en\/wp-json\/wp\/v2\/tags?post=6202"}],"curies":[{"name":"wp","href":"https:\/\/api.w.org\/{rel}","templated":true}]}}