{"id":6074,"date":"2025-12-05T15:42:22","date_gmt":"2025-12-05T14:42:22","guid":{"rendered":"http:\/\/bruxelles.aideetsoinsadomicile.be\/?p=6074"},"modified":"2025-12-05T15:44:51","modified_gmt":"2025-12-05T14:44:51","slug":"laide-et-les-soins-a-domicile-un-secteur-qui-recrute-a-bruxelles","status":"publish","type":"post","link":"https:\/\/bruxelles.aideetsoinsadomicile.be\/en\/laide-et-les-soins-a-domicile-un-secteur-qui-recrute-a-bruxelles\/","title":{"rendered":"L\u2019aide et les soins \u00e0 domicile, un secteur qui recrute \u00e0 Bruxelles"},"content":{"rendered":"<figure class=\"wp-block-image size-full\"><img fetchpriority=\"high\" decoding=\"async\" width=\"673\" height=\"193\" src=\"http:\/\/bruxelles.aideetsoinsadomicile.be\/wp-content\/uploads\/sites\/7\/2025\/12\/logo-le-guidesocial2.png\" alt=\"logo le guidesocial2\" class=\"wp-image-6075\" srcset=\"https:\/\/bruxelles.aideetsoinsadomicile.be\/wp-content\/uploads\/sites\/7\/2025\/12\/logo-le-guidesocial2.png 673w, https:\/\/bruxelles.aideetsoinsadomicile.be\/wp-content\/uploads\/sites\/7\/2025\/12\/logo-le-guidesocial2-300x86.png 300w, https:\/\/bruxelles.aideetsoinsadomicile.be\/wp-content\/uploads\/sites\/7\/2025\/12\/logo-le-guidesocial2-18x5.png 18w\" sizes=\"(max-width: 673px) 100vw, 673px\" \/><figcaption class=\"wp-element-caption\">logo le guidesocial2<\/figcaption><\/figure>\n\n\n\n<p><\/p>\n\n\n\n<p>\u00c0 Bruxelles, les \u00e9quipes de l\u2019Aide et Soins \u00e0 domicile (ASD) Bruxelles accompagnent chaque jour des centaines de personnes dans leur autonomie et leur bien-\u00eatre. Infirmier\u00b7\u00e8res, aides-familiaux\u00b7les, coordinateur\u00b7rices, responsables psycho-m\u00e9dicosociaux\u00b7ales\u2026 les profils sont vari\u00e9s, les besoins r\u00e9els et les recrutements nombreux. Rencontre avec Ga\u00ebl Schadeck, directeur g\u00e9n\u00e9ral de l\u2019ASD Bruxelles, pour comprendre les enjeux, les d\u00e9fis et les perspectives d\u2019un secteur essentiel.<\/p>\n\n\n\n<div class=\"wp-block-buttons is-layout-flex wp-block-buttons-is-layout-flex\">\n<div class=\"wp-block-button is-style-fill\"><a class=\"wp-block-button__link has-white-color has-secondaire-background-color has-text-color has-background has-link-color has-custom-font-size wp-element-button\" href=\"https:\/\/pro.guidesocial.be\/articles\/actualites\/article\/infirmiers-aides-familiales-l-aide-et-les-soins-a-domicile-un-secteur-qui\" style=\"border-style:none;border-width:0px;border-top-left-radius:0px;border-top-right-radius:35px;border-bottom-left-radius:35px;border-bottom-right-radius:0px;font-size:18px\" target=\"_blank\" rel=\"noopener noreferrer nofollow\">Lire l&rsquo;article sur le site du Guide social<\/a><\/div>\n<\/div>\n\n\n\n<p><\/p>","protected":false},"excerpt":{"rendered":"<p>\u00c0 Bruxelles, les \u00e9quipes de l\u2019Aide et Soins \u00e0 domicile (ASD) Bruxelles accompagnent chaque jour des centaines de personnes dans leur autonomie et leur bien-\u00eatre. Infirmier\u00b7\u00e8res, aides-familiaux\u00b7les, coordinateur\u00b7rices, responsables psycho-m\u00e9dicosociaux\u00b7ales\u2026 les profils sont vari\u00e9s, les besoins r\u00e9els et les recrutements nombreux. Rencontre avec Ga\u00ebl Schadeck, directeur g\u00e9n\u00e9ral de l\u2019ASD Bruxelles, pour comprendre les enjeux, les [&hellip;]<\/p>","protected":false},"author":8,"featured_media":5724,"comment_status":"closed","ping_status":"closed","sticky":false,"template":"","format":"standard","meta":{"_acf_changed":false,"_seopress_robots_primary_cat":"","_seopress_titles_title":"","_seopress_titles_desc":"","_seopress_robots_index":"","footnotes":""},"categories":[19],"tags":[],"class_list":["post-6074","post","type-post","status-publish","format-standard","has-post-thumbnail","hentry","category-actualites"],"acf":[],"_links":{"self":[{"href":"https:\/\/bruxelles.aideetsoinsadomicile.be\/en\/wp-json\/wp\/v2\/posts\/6074","targetHints":{"allow":["GET"]}}],"collection":[{"href":"https:\/\/bruxelles.aideetsoinsadomicile.be\/en\/wp-json\/wp\/v2\/posts"}],"about":[{"href":"https:\/\/bruxelles.aideetsoinsadomicile.be\/en\/wp-json\/wp\/v2\/types\/post"}],"author":[{"embeddable":true,"href":"https:\/\/bruxelles.aideetsoinsadomicile.be\/en\/wp-json\/wp\/v2\/users\/8"}],"replies":[{"embeddable":true,"href":"https:\/\/bruxelles.aideetsoinsadomicile.be\/en\/wp-json\/wp\/v2\/comments?post=6074"}],"version-history":[{"count":2,"href":"https:\/\/bruxelles.aideetsoinsadomicile.be\/en\/wp-json\/wp\/v2\/posts\/6074\/revisions"}],"predecessor-version":[{"id":6077,"href":"https:\/\/bruxelles.aideetsoinsadomicile.be\/en\/wp-json\/wp\/v2\/posts\/6074\/revisions\/6077"}],"wp:featuredmedia":[{"embeddable":true,"href":"https:\/\/bruxelles.aideetsoinsadomicile.be\/en\/wp-json\/wp\/v2\/media\/5724"}],"wp:attachment":[{"href":"https:\/\/bruxelles.aideetsoinsadomicile.be\/en\/wp-json\/wp\/v2\/media?parent=6074"}],"wp:term":[{"taxonomy":"category","embeddable":true,"href":"https:\/\/bruxelles.aideetsoinsadomicile.be\/en\/wp-json\/wp\/v2\/categories?post=6074"},{"taxonomy":"post_tag","embeddable":true,"href":"https:\/\/bruxelles.aideetsoinsadomicile.be\/en\/wp-json\/wp\/v2\/tags?post=6074"}],"curies":[{"name":"wp","href":"https:\/\/api.w.org\/{rel}","templated":true}]}}