{"id":2564,"date":"2025-10-16T18:34:00","date_gmt":"2025-10-16T16:34:00","guid":{"rendered":"http:\/\/bruxelles.aideetsoinsadomicile.be\/?p=2564"},"modified":"2025-12-05T15:32:55","modified_gmt":"2025-12-05T14:32:55","slug":"annual-reports-2024","status":"publish","type":"post","link":"https:\/\/bruxelles.aideetsoinsadomicile.be\/en\/rapports-annuels-2024\/","title":{"rendered":"Behind the scenes of the Ixelles social coordination network"},"content":{"rendered":"<p>From time to time, the social coordination team in Ixelles gives the floor to a partner social enterprise. In November, Caroline ANTOINE, Team Leader for Daily Living Assistance in the Ixelles area, who has been working at ASD Brussels for 18 years, will be speaking. <\/p>\n\n\n\n<p>Discover his interview without further delay. Enjoy reading. <\/p>\n\n\n\n<div data-wp-interactive=\"core\/file\" class=\"wp-block-file\"><object data-wp-bind--hidden=\"!state.hasPdfPreview\" hidden class=\"wp-block-file__embed\" data=\"http:\/\/bruxelles.aideetsoinsadomicile.be\/wp-content\/uploads\/sites\/7\/2025\/07\/les-coulisses-du-reseau-caroline-antoine-4-11-25.pdf\" type=\"application\/pdf\" style=\"width:100%;height:600px\" aria-label=\"Embed of Les coulisses du r\u00e9seau - Caroline Antoine 4-11-25.\"><\/object><a id=\"wp-block-file--media-259bb962-cf1e-46b4-83d6-85ba776357a8\" href=\"http:\/\/bruxelles.aideetsoinsadomicile.be\/wp-content\/uploads\/sites\/7\/2025\/07\/les-coulisses-du-reseau-caroline-antoine-4-11-25.pdf\" target=\"_blank\" rel=\"noopener noreferrer nofollow\">Behind the scenes of the network \u2013 Caroline Antoine 4-11-25<\/a><a href=\"http:\/\/bruxelles.aideetsoinsadomicile.be\/wp-content\/uploads\/sites\/7\/2025\/07\/les-coulisses-du-reseau-caroline-antoine-4-11-25.pdf\" class=\"wp-block-file__button wp-element-button\" download aria-describedby=\"wp-block-file--media-259bb962-cf1e-46b4-83d6-85ba776357a8\" target=\"_blank\" rel=\"noopener noreferrer nofollow\">Download<\/a><\/div>\n\n\n\n<p><\/p>","protected":false},"excerpt":{"rendered":"<p>Ponctuellement, la coordination sociale d&rsquo;Ixelles donne la parole \u00e0 une entreprise sociale partenaire. En novembre, la parole est donn\u00e9e \u00e0 Caroline ANTOINE, Responsable d&rsquo;\u00e9quipe d&rsquo;Aide \u00e0 la vie journali\u00e8re du secteur ixellois, travailleuse \u00e0 l&rsquo;ASD Bruxelles depuis 18 ans. D\u00e9couvrez son interview sans plus tarder. Bonne lecture.<\/p>","protected":false},"author":1,"featured_media":5724,"comment_status":"closed","ping_status":"closed","sticky":false,"template":"","format":"standard","meta":{"_acf_changed":false,"_seopress_robots_primary_cat":"","_seopress_titles_title":"","_seopress_titles_desc":"","_seopress_robots_index":"","footnotes":""},"categories":[19],"tags":[],"class_list":["post-2564","post","type-post","status-publish","format-standard","has-post-thumbnail","hentry","category-actualites"],"acf":[],"_links":{"self":[{"href":"https:\/\/bruxelles.aideetsoinsadomicile.be\/en\/wp-json\/wp\/v2\/posts\/2564","targetHints":{"allow":["GET"]}}],"collection":[{"href":"https:\/\/bruxelles.aideetsoinsadomicile.be\/en\/wp-json\/wp\/v2\/posts"}],"about":[{"href":"https:\/\/bruxelles.aideetsoinsadomicile.be\/en\/wp-json\/wp\/v2\/types\/post"}],"author":[{"embeddable":true,"href":"https:\/\/bruxelles.aideetsoinsadomicile.be\/en\/wp-json\/wp\/v2\/users\/1"}],"replies":[{"embeddable":true,"href":"https:\/\/bruxelles.aideetsoinsadomicile.be\/en\/wp-json\/wp\/v2\/comments?post=2564"}],"version-history":[{"count":6,"href":"https:\/\/bruxelles.aideetsoinsadomicile.be\/en\/wp-json\/wp\/v2\/posts\/2564\/revisions"}],"predecessor-version":[{"id":5781,"href":"https:\/\/bruxelles.aideetsoinsadomicile.be\/en\/wp-json\/wp\/v2\/posts\/2564\/revisions\/5781"}],"wp:featuredmedia":[{"embeddable":true,"href":"https:\/\/bruxelles.aideetsoinsadomicile.be\/en\/wp-json\/wp\/v2\/media\/5724"}],"wp:attachment":[{"href":"https:\/\/bruxelles.aideetsoinsadomicile.be\/en\/wp-json\/wp\/v2\/media?parent=2564"}],"wp:term":[{"taxonomy":"category","embeddable":true,"href":"https:\/\/bruxelles.aideetsoinsadomicile.be\/en\/wp-json\/wp\/v2\/categories?post=2564"},{"taxonomy":"post_tag","embeddable":true,"href":"https:\/\/bruxelles.aideetsoinsadomicile.be\/en\/wp-json\/wp\/v2\/tags?post=2564"}],"curies":[{"name":"wp","href":"https:\/\/api.w.org\/{rel}","templated":true}]}}