{"id":5503,"date":"2025-10-18T08:59:00","date_gmt":"2025-10-18T06:59:00","guid":{"rendered":"http:\/\/bruxelles.aideetsoinsadomicile.be\/?p=5503"},"modified":"2025-11-28T10:20:02","modified_gmt":"2025-11-28T09:20:02","slug":"interview-mit-patricia-virlan-leiterin-personalwesen","status":"publish","type":"post","link":"https:\/\/bruxelles.aideetsoinsadomicile.be\/de\/interview-de-patricia-virlan-responsable-rh\/","title":{"rendered":"Fachkr\u00e4ftemangel \u2013 welche Ma\u00dfnahmen k\u00f6nnen gemeinn\u00fctzige Vereine ergreifen?"},"content":{"rendered":"<figure class=\"wp-block-image size-full is-resized\"><img fetchpriority=\"high\" decoding=\"async\" width=\"859\" height=\"358\" src=\"http:\/\/bruxelles.aideetsoinsadomicile.be\/wp-content\/uploads\/sites\/7\/2025\/11\/competentia.svg\" alt=\"Kompetenz\" class=\"wp-image-5504\" style=\"width:360px;height:auto\" \/><\/figure>\n\n\n\n<p><a href=\"https:\/\/competentia.be\/\" data-type=\"link\" data-id=\"https:\/\/competentia.be\/\" target=\"_blank\" rel=\"noopener noreferrer nofollow\">Competentia<\/a> ist ein branchen\u00fcbergreifendes Projekt, das aus Mitteln des Sozialfonds f\u00fcr Weiterbildung finanziert wird. Es zielt darauf ab, gemeinn\u00fctzige Einrichtungen bei ihrem Kompetenzmanagement zu unterst\u00fctzen. <\/p>\n\n\n\n<p>Unsere Personalabteilung hat von einer professionellen und qualitativ hochwertigen Unterst\u00fctzung profitiert, um unser Rekrutierungsmanagement von A bis Z zu optimieren. <\/p>\n\n\n\n<p>Eine Erfahrung reich an Austausch, Lernen, Bewertung und Ergebnissen.<\/p>\n\n\n\n<p>Entdecken Sie das Interview ohne weitere Verz\u00f6gerung. Viel Spa\u00df beim Lesen.<\/p>\n\n\n\n<div class=\"wp-block-buttons is-layout-flex wp-block-buttons-is-layout-flex\">\n<div class=\"wp-block-button has-custom-width wp-block-button__width-50 is-style-fill\"><a class=\"wp-block-button__link has-white-color has-secondaire-background-color has-text-color has-background has-link-color has-custom-font-size wp-element-button\" href=\"https:\/\/competentia.be\/news\/penurie-de-personnel-qualifie-quelles-actions-possibles-pour-les-asbl\" style=\"border-style:none;border-width:0px;border-top-left-radius:0px;border-top-right-radius:35px;border-bottom-left-radius:35px;border-bottom-right-radius:0px;font-size:18px\" target=\"_blank\" rel=\"noreferrer noopener\">Lesen Sie den Artikel auf der Website von Competentia<\/a><\/div>\n<\/div>\n\n\n\n<p><\/p>","protected":false},"excerpt":{"rendered":"<p>Competentia est un projet intersectoriel financ\u00e9 par des Fonds sociaux de formation. Il vise \u00e0 accompagner les institutions du non-marchand dans leur gestion des comp\u00e9tences. Notre service des Ressources humaines a b\u00e9n\u00e9fici\u00e9 d&rsquo;un accompagnement professionnel et qualitatif afin d&rsquo;optimiser notre gestion du recrutement de A \u00e0 Z. Une exp\u00e9rience riche d&rsquo;\u00e9changes, d&rsquo;apprentissage, d&rsquo;\u00e9valuation et de [&hellip;]<\/p>","protected":false},"author":8,"featured_media":5631,"comment_status":"closed","ping_status":"closed","sticky":false,"template":"","format":"standard","meta":{"_acf_changed":false,"_seopress_robots_primary_cat":"","_seopress_titles_title":"","_seopress_titles_desc":"","_seopress_robots_index":"","footnotes":""},"categories":[19],"tags":[],"class_list":["post-5503","post","type-post","status-publish","format-standard","has-post-thumbnail","hentry","category-actualites"],"acf":[],"_links":{"self":[{"href":"https:\/\/bruxelles.aideetsoinsadomicile.be\/de\/wp-json\/wp\/v2\/posts\/5503","targetHints":{"allow":["GET"]}}],"collection":[{"href":"https:\/\/bruxelles.aideetsoinsadomicile.be\/de\/wp-json\/wp\/v2\/posts"}],"about":[{"href":"https:\/\/bruxelles.aideetsoinsadomicile.be\/de\/wp-json\/wp\/v2\/types\/post"}],"author":[{"embeddable":true,"href":"https:\/\/bruxelles.aideetsoinsadomicile.be\/de\/wp-json\/wp\/v2\/users\/8"}],"replies":[{"embeddable":true,"href":"https:\/\/bruxelles.aideetsoinsadomicile.be\/de\/wp-json\/wp\/v2\/comments?post=5503"}],"version-history":[{"count":16,"href":"https:\/\/bruxelles.aideetsoinsadomicile.be\/de\/wp-json\/wp\/v2\/posts\/5503\/revisions"}],"predecessor-version":[{"id":5782,"href":"https:\/\/bruxelles.aideetsoinsadomicile.be\/de\/wp-json\/wp\/v2\/posts\/5503\/revisions\/5782"}],"wp:featuredmedia":[{"embeddable":true,"href":"https:\/\/bruxelles.aideetsoinsadomicile.be\/de\/wp-json\/wp\/v2\/media\/5631"}],"wp:attachment":[{"href":"https:\/\/bruxelles.aideetsoinsadomicile.be\/de\/wp-json\/wp\/v2\/media?parent=5503"}],"wp:term":[{"taxonomy":"category","embeddable":true,"href":"https:\/\/bruxelles.aideetsoinsadomicile.be\/de\/wp-json\/wp\/v2\/categories?post=5503"},{"taxonomy":"post_tag","embeddable":true,"href":"https:\/\/bruxelles.aideetsoinsadomicile.be\/de\/wp-json\/wp\/v2\/tags?post=5503"}],"curies":[{"name":"wp","href":"https:\/\/api.w.org\/{rel}","templated":true}]}}