{"id":6443,"date":"2026-03-09T17:05:51","date_gmt":"2026-03-09T16:05:51","guid":{"rendered":"https:\/\/bruxelles.aideetsoinsadomicile.be\/un-nouveau-modele-de-financement-pour-les-soins-infirmiers-a-domicile-se-dessine\/"},"modified":"2026-03-13T09:51:15","modified_gmt":"2026-03-13T08:51:15","slug":"un-nouveau-modele-de-financement-pour-les-soins-infirmiers-a-domicile-se-dessine","status":"publish","type":"post","link":"http:\/\/bruxelles.aideetsoinsadomicile.be\/nl\/un-nouveau-modele-de-financement-pour-les-soins-infirmiers-a-domicile-se-dessine\/","title":{"rendered":"Un nouveau mod\u00e8le de financement pour les soins infirmiers \u00e0 domicile se dessine"},"content":{"rendered":"<p>L\u2019INAMI a lanc\u00e9 en&nbsp;d\u00e9cembre&nbsp;un projet pilote visant&nbsp;\u00e0 tester&nbsp;une mode de financement alternatif pour&nbsp;les soins infirmiers \u00e0 domicile. L\u2019objectif est simple&nbsp;: reconna\u00eetre enfin tout ce que les infirmiers font au-del\u00e0 des&nbsp;prestations&nbsp;techniques \u2014 accompagner vers l\u2019autonomie, pr\u00e9venir, coordonner, soutenir les familles \u2014 des t\u00e2ches essentielles mais encore trop peu valoris\u00e9es dans le syst\u00e8me actuel. Avec ce nouveau mod\u00e8le, l\u2019INAMI souhaite tester un financement bas\u00e9 sur le&nbsp;temps consacr\u00e9 au soin&nbsp;plut\u00f4t que sur l\u2019acte pos\u00e9, afin d\u2019offrir davantage de qualit\u00e9, de continuit\u00e9 et de relation humaine.&nbsp;<\/p>\n\n\n\n<p><strong>Le lancement officiel du projet<\/strong>&nbsp;<\/p>\n\n\n\n<p>Le&nbsp;<strong>9 f\u00e9vrier 2026<\/strong>, le&nbsp;<strong>Comit\u00e9 de l\u2019assurance<\/strong>&nbsp;a approuv\u00e9&nbsp;<strong>58 \u00e9quipes de soins infirmiers<\/strong>&nbsp;pour participer \u00e0 ce&nbsp;test \u00e0 l\u2019\u00e9chelle&nbsp;nationale&nbsp;:&nbsp;<\/p>\n\n\n\n<ul class=\"wp-block-list\">\n<li><strong>32\u00a0pratiques\u00a0pilotes<\/strong>\u00a0<\/li>\n\n\n\n<li><strong>26\u00a0pratiques\u00a0de contr\u00f4le<\/strong>\u00a0<\/li>\n<\/ul>\n\n\n\n<p>Ces \u00e9quipes rassemblent&nbsp;<strong>des infirmiers salari\u00e9s et des ind\u00e9pendants<\/strong>, r\u00e9partis dans toutes les r\u00e9gions du pays.&nbsp;&nbsp;<\/p>\n\n\n\n<p><strong>6 ASD engag\u00e9es dans la d\u00e9marche<\/strong>&nbsp;<\/p>\n\n\n\n<p>Nous sommes fiers d\u2019annoncer que&nbsp;<strong>six de nos ASD<\/strong>&nbsp;participeront au projet&nbsp;:&nbsp;<\/p>\n\n\n\n<ul class=\"wp-block-list\">\n<li><strong>ASD Brabant Wallon<\/strong>\u00a0<\/li>\n\n\n\n<li><strong>ASD Brussel<\/strong>\u00a0<\/li>\n\n\n\n<li><strong>ASD Hainaut Oriental<\/strong>\u00a0<\/li>\n\n\n\n<li><strong>ASD Luxembourg<\/strong>\u00a0<\/li>\n\n\n\n<li><strong>ASD Namur<\/strong>\u00a0<\/li>\n\n\n\n<li><strong>ASD Verviers<\/strong>\u00a0<\/li>\n<\/ul>\n\n\n\n<p><strong>Un test sur deux ans<\/strong>&nbsp;<\/p>\n\n\n\n<p>Le projet mobilisera environ&nbsp;<strong>1000 infirmiers<\/strong>, salari\u00e9s comme ind\u00e9pendants, entre&nbsp;<strong>juin 2026 et juin 2028<\/strong>. Pour les patients, rien ne change financi\u00e8rement. L\u2019objectif est un suivi plus complet, plus coh\u00e9rent et plus proche de leurs besoins.&nbsp;&nbsp;<\/p>\n\n\n\n<p><strong>Une \u00e9tape importante pour l\u2019avenir des soins \u00e0 domicile<\/strong>&nbsp;<\/p>\n\n\n\n<p>Ce projet&nbsp;marque&nbsp;un tournant majeur&nbsp;: un syst\u00e8me plus juste, plus souple, et recentr\u00e9 sur la qualit\u00e9 du soin et la relation avec le patient.&nbsp;<\/p>","protected":false},"excerpt":{"rendered":"<p>L\u2019INAMI a lanc\u00e9 en&nbsp;d\u00e9cembre&nbsp;un projet pilote visant&nbsp;\u00e0 tester&nbsp;une mode de financement alternatif pour&nbsp;les soins infirmiers \u00e0 domicile. L\u2019objectif est simple&nbsp;: reconna\u00eetre enfin tout ce que les infirmiers font au-del\u00e0 des&nbsp;prestations&nbsp;techniques \u2014 accompagner vers l\u2019autonomie, pr\u00e9venir, coordonner, soutenir les familles \u2014 des t\u00e2ches essentielles mais encore trop peu valoris\u00e9es dans le syst\u00e8me actuel. Avec ce nouveau [&hellip;]<\/p>","protected":false},"author":2,"featured_media":6444,"comment_status":"closed","ping_status":"closed","sticky":false,"template":"","format":"standard","meta":{"_acf_changed":false,"_seopress_robots_primary_cat":"","_seopress_titles_title":"","_seopress_titles_desc":"","_seopress_robots_index":"","footnotes":""},"categories":[19],"tags":[],"class_list":["post-6443","post","type-post","status-publish","format-standard","has-post-thumbnail","hentry","category-actualites"],"acf":[],"_links":{"self":[{"href":"http:\/\/bruxelles.aideetsoinsadomicile.be\/nl\/wp-json\/wp\/v2\/posts\/6443","targetHints":{"allow":["GET"]}}],"collection":[{"href":"http:\/\/bruxelles.aideetsoinsadomicile.be\/nl\/wp-json\/wp\/v2\/posts"}],"about":[{"href":"http:\/\/bruxelles.aideetsoinsadomicile.be\/nl\/wp-json\/wp\/v2\/types\/post"}],"author":[{"embeddable":true,"href":"http:\/\/bruxelles.aideetsoinsadomicile.be\/nl\/wp-json\/wp\/v2\/users\/2"}],"replies":[{"embeddable":true,"href":"http:\/\/bruxelles.aideetsoinsadomicile.be\/nl\/wp-json\/wp\/v2\/comments?post=6443"}],"version-history":[{"count":1,"href":"http:\/\/bruxelles.aideetsoinsadomicile.be\/nl\/wp-json\/wp\/v2\/posts\/6443\/revisions"}],"predecessor-version":[{"id":6445,"href":"http:\/\/bruxelles.aideetsoinsadomicile.be\/nl\/wp-json\/wp\/v2\/posts\/6443\/revisions\/6445"}],"wp:featuredmedia":[{"embeddable":true,"href":"http:\/\/bruxelles.aideetsoinsadomicile.be\/nl\/wp-json\/wp\/v2\/media\/6444"}],"wp:attachment":[{"href":"http:\/\/bruxelles.aideetsoinsadomicile.be\/nl\/wp-json\/wp\/v2\/media?parent=6443"}],"wp:term":[{"taxonomy":"category","embeddable":true,"href":"http:\/\/bruxelles.aideetsoinsadomicile.be\/nl\/wp-json\/wp\/v2\/categories?post=6443"},{"taxonomy":"post_tag","embeddable":true,"href":"http:\/\/bruxelles.aideetsoinsadomicile.be\/nl\/wp-json\/wp\/v2\/tags?post=6443"}],"curies":[{"name":"wp","href":"https:\/\/api.w.org\/{rel}","templated":true}]}}